{"id":5725,"date":"2025-09-15T14:18:45","date_gmt":"2025-09-15T12:18:45","guid":{"rendered":"https:\/\/scuole-mmtp.ch\/index\/?p=5725"},"modified":"2025-09-15T14:19:42","modified_gmt":"2025-09-15T12:19:42","slug":"riunioni-genitori-se-pura-2","status":"publish","type":"post","link":"https:\/\/scuole-mmtp.ch\/index\/riunioni-genitori-se-pura-2\/","title":{"rendered":"Riunioni genitori SE Pura"},"content":{"rendered":"<p>La riunione d&#8217;inizio anno dedicata ai genitori degli allievi della sezione:<\/p>\n<ul>\n<li><strong>4a &#8211; 5a<\/strong>, assegnata al maestro Thierry, \u00e8 prevista <strong>gioved\u00ec 18 settembre <\/strong>alle <strong>ore 20:00<\/strong> presso l&#8217;aula di classe<\/li>\n<li><strong>2a &#8211; 3a<\/strong> assegnata alla maestra Sara, \u00e8 prevista <strong>luned\u00ec 29 settembre <\/strong>alle <strong>ore 20:00 <\/strong>presso l&#8217;aula di classe<\/li>\n<li><strong>1a &#8211; 2a<\/strong> assegnata alla maestra Giulia, \u00e8 prevista <strong>marted\u00ec 16 settembre <\/strong>alle <strong>ore 17:30 <\/strong>presso l&#8217;aula di classe<\/li>\n<\/ul>\n<p>&nbsp;<\/p>\n","protected":false},"excerpt":{"rendered":"<p>La riunione d&#8217;inizio anno dedicata ai genitori degli allievi della sezione: 4a &#8211; 5a, assegnata al maestro Thierry, \u00e8 prevista gioved\u00ec 18 settembre alle ore 20:00 presso l&#8217;aula di classe 2a &#8211; 3a assegnata alla maestra Sara, \u00e8 prevista luned\u00ec 29 settembre alle ore 20:00 presso l&#8217;aula di classe 1a &#8211; 2a assegnata alla maestra Giulia, \u00e8 prevista marted\u00ec 16 settembre alle ore 17:30 presso l&#8217;aula di classe &nbsp;<\/p>\n","protected":false},"author":3,"featured_media":0,"comment_status":"closed","ping_status":"closed","sticky":false,"template":"","format":"standard","meta":{"footnotes":""},"categories":[17],"tags":[],"class_list":["post-5725","post","type-post","status-publish","format-standard","hentry","category-se-pura"],"post_mailing_queue_ids":[],"_links":{"self":[{"href":"https:\/\/scuole-mmtp.ch\/index\/wp-json\/wp\/v2\/posts\/5725","targetHints":{"allow":["GET"]}}],"collection":[{"href":"https:\/\/scuole-mmtp.ch\/index\/wp-json\/wp\/v2\/posts"}],"about":[{"href":"https:\/\/scuole-mmtp.ch\/index\/wp-json\/wp\/v2\/types\/post"}],"author":[{"embeddable":true,"href":"https:\/\/scuole-mmtp.ch\/index\/wp-json\/wp\/v2\/users\/3"}],"replies":[{"embeddable":true,"href":"https:\/\/scuole-mmtp.ch\/index\/wp-json\/wp\/v2\/comments?post=5725"}],"version-history":[{"count":2,"href":"https:\/\/scuole-mmtp.ch\/index\/wp-json\/wp\/v2\/posts\/5725\/revisions"}],"predecessor-version":[{"id":5727,"href":"https:\/\/scuole-mmtp.ch\/index\/wp-json\/wp\/v2\/posts\/5725\/revisions\/5727"}],"wp:attachment":[{"href":"https:\/\/scuole-mmtp.ch\/index\/wp-json\/wp\/v2\/media?parent=5725"}],"wp:term":[{"taxonomy":"category","embeddable":true,"href":"https:\/\/scuole-mmtp.ch\/index\/wp-json\/wp\/v2\/categories?post=5725"},{"taxonomy":"post_tag","embeddable":true,"href":"https:\/\/scuole-mmtp.ch\/index\/wp-json\/wp\/v2\/tags?post=5725"}],"curies":[{"name":"wp","href":"https:\/\/api.w.org\/{rel}","templated":true}]}}